[{"@context":"https:\/\/schema.org\/","@type":"Article","@id":"https:\/\/www.smmp.sk\/preco-mame-v-sebe-tolko-nenavisti\/#Article","mainEntityOfPage":"https:\/\/www.smmp.sk\/preco-mame-v-sebe-tolko-nenavisti\/","headline":"Pre\u010do m\u00e1me v sebe tolko nenavisti","name":"Pre\u010do m\u00e1me v sebe tolko nenavisti","description":"Dne\u0161n\u00e1 spolo\u010dnos\u0165 je zvl\u00e1\u0161tne miesto. Na jednu stranu sa p\u00fd\u0161ime t\u00fdm, ako \u010faleko sme pokro\u010dili, ako sme modern\u00ed a ako m\u00e1me otvoren\u00fa myse\u013e. Na druh\u00fa <a href=\"https:\/\/www.smmp.sk\/preco-mame-v-sebe-tolko-nenavisti\/\" class=\"read-more-link\">[Read More...]<\/a>","datePublished":"2024-04-07","dateModified":"2024-04-07","author":{"@type":"Person","@id":"https:\/\/www.smmp.sk\/author\/#Person","name":"","url":"https:\/\/www.smmp.sk\/author\/","identifier":1,"image":{"@type":"ImageObject","@id":"https:\/\/secure.gravatar.com\/avatar\/d3163b56da0fbe010a5181dcf7396b9bd721056c768c8d190d293b864efe53fe?s=96&d=mm&r=g","url":"https:\/\/secure.gravatar.com\/avatar\/d3163b56da0fbe010a5181dcf7396b9bd721056c768c8d190d293b864efe53fe?s=96&d=mm&r=g","height":96,"width":96}},"publisher":{"@type":"Organization","name":"smmp.sk","logo":{"@type":"ImageObject","@id":"\/logo.png","url":"\/logo.png","width":600,"height":60}},"image":{"@type":"ImageObject","@id":"https:\/\/www.smmp.sk\/wp-content\/uploads\/pexels-felipebalduino-2546885.jpg","url":"https:\/\/www.smmp.sk\/wp-content\/uploads\/pexels-felipebalduino-2546885.jpg","height":0,"width":0},"url":"https:\/\/www.smmp.sk\/preco-mame-v-sebe-tolko-nenavisti\/","wordCount":410,"articleBody":"Dne\u0161n\u00e1 spolo\u010dnos\u0165 je zvl\u00e1\u0161tne miesto. Na jednu stranu sa p\u00fd\u0161ime t\u00fdm, ako \u010faleko sme pokro\u010dili, ako sme modern\u00ed a ako m\u00e1me otvoren\u00fa myse\u013e. Na druh\u00fa stranu, st\u00e1le dok\u00e1\u017eeme \u013eud\u00ed odsudzova\u0165 na z\u00e1klade farby ich pleti, orient\u00e1cie alebo in\u00fdch vec\u00ed, ktor\u00e9 by sme nemali bra\u0165 do \u00favahy. Je smutn\u00e9 vidie\u0165, ako r\u00fdchlo dok\u00e1\u017eeme niekoho za\u0161katu\u013ekova\u0165 len preto, \u017ee vyzer\u00e1 alebo sa chov\u00e1 inak ako my. Predstavte si t\u00fato situ\u00e1ciu&#8230; Idete po ulici a vid\u00edte niekoho s odli\u0161nou farbou pleti. \u010co si pomysl\u00edte? Mo\u017eno ni\u010d, ale ve\u013ea \u013eud\u00ed si hne\u010f vytvor\u00ed nejak\u00fd n\u00e1zor. \u010ci u\u017e je to z nevedomosti, strachu alebo vplyvom prostredia, v ktorom vyrastali. \u010casto sa ani nezamysl\u00edme nad t\u00fdm, ako sa ten druh\u00fd c\u00edti. Ak\u00e9 je to by\u0165 s\u00faden\u00fd len pod\u013ea vzh\u013eadu? Podobne je to aj s orient\u00e1ciou. Ko\u013ekokr\u00e1t sme po\u010duli, ako niekto hovor\u00ed o in\u00fdch \u013eu\u010foch s ne\u00factou len preto, \u017ee s\u00fa jednoducho nie\u010d\u00edm in\u00ed. Namiesto toho, aby sme sa radovali z toho, \u017ee niekto na\u0161iel l\u00e1sku a \u0161\u0165astie, kritizujeme a odsudzujeme. Sta\u010dilo by si pritom uvedomi\u0165, \u017ee na tom, koho milujeme, v\u00f4bec nez\u00e1le\u017e\u00ed. D\u00f4le\u017eit\u00e9 je, \u017ee sme \u0161\u0165astn\u00ed. A to nie je v\u0161etko. V dne\u0161nej dobe sme schopn\u00ed odsudzova\u0165 druh\u00fdch aj za veci ako je ich v\u00e1ha, vzh\u013ead alebo sp\u00f4sob, ak\u00fdm sa obliekaj\u00fa. Mo\u017eno je to vplyvom soci\u00e1lnych siet\u00ed, kde sa v\u0161etko zd\u00e1 by\u0165 dokonal\u00e9 a \u013eudia sa predbiehaj\u00fa v tom, kto bude vyzera\u0165 lep\u0161ie. Ale realita je \u00faplne in\u00e1. Ka\u017ed\u00fd z n\u00e1s m\u00e1 svoje chyby a nedokonalosti a pr\u00e1ve tie n\u00e1s robia \u013eu\u010fmi. \u010co keby sme sa namiesto odsudzovania zamerali na pochopenie a empatiu? \u010co keby sme sa sna\u017eili vidie\u0165 svet o\u010dami druh\u00fdch? Mo\u017eno by sme zistili, \u017ee m\u00e1me ove\u013ea viac spolo\u010dn\u00e9ho, \u200b\u200bne\u017e si mysl\u00edme. \u017de na\u0161e rozdiely n\u00e1s m\u00f4\u017eu obohati\u0165 a urobi\u0165 n\u00e1\u0161 \u017eivot pestrej\u0161\u00edm. Je na \u010dase, aby sme prestali s\u00fadi\u0165 druh\u00fdch na z\u00e1klade povrchn\u00fdch vec\u00ed. Aby sme sa za\u010dali zauj\u00edma\u0165 o to, ak\u00ed \u013eudia naozaj s\u00fa vo vn\u00fatri. Aby sme prestali \u0161\u00edri\u0165 nen\u00e1vis\u0165 a v\u00e1\u017eili si to, \u010do m\u00e1me.                                                                                                                                                                                                                                                                                                                                                                                                "},{"@context":"https:\/\/schema.org\/","@type":"BreadcrumbList","itemListElement":[{"@type":"ListItem","position":1,"name":"Pre\u010do m\u00e1me v sebe tolko nenavisti","item":"https:\/\/www.smmp.sk\/preco-mame-v-sebe-tolko-nenavisti\/#breadcrumbitem"}]}]