[{"@context":"https:\/\/schema.org\/","@type":"Article","@id":"https:\/\/www.smmp.sk\/adventny-cas-lasky-cas\/#Article","mainEntityOfPage":"https:\/\/www.smmp.sk\/adventny-cas-lasky-cas\/","headline":"Adventn\u00fd \u010das l\u00e1sky \u010das","name":"Adventn\u00fd \u010das l\u00e1sky \u010das","description":"Ahoj priatelia od stredy som tu nebola som e\u0161te chor\u00e1 m\u00e1m chr\u00edpku od pondelka v\u010dera mala som do v\u010dera teplotu u\u017e\u00edvam antibiotika VP PENICIL\u00cdN u\u017e <a href=\"https:\/\/www.smmp.sk\/adventny-cas-lasky-cas\/\" class=\"read-more-link\">[Read More...]<\/a>","datePublished":"2023-11-08","dateModified":"2023-11-08","author":{"@type":"Person","@id":"https:\/\/www.smmp.sk\/author\/#Person","name":"","url":"https:\/\/www.smmp.sk\/author\/","identifier":1,"image":{"@type":"ImageObject","@id":"https:\/\/secure.gravatar.com\/avatar\/d3163b56da0fbe010a5181dcf7396b9bd721056c768c8d190d293b864efe53fe?s=96&d=mm&r=g","url":"https:\/\/secure.gravatar.com\/avatar\/d3163b56da0fbe010a5181dcf7396b9bd721056c768c8d190d293b864efe53fe?s=96&d=mm&r=g","height":96,"width":96}},"publisher":{"@type":"Organization","name":"smmp.sk","logo":{"@type":"ImageObject","@id":"\/logo.png","url":"\/logo.png","width":600,"height":60}},"image":{"@type":"ImageObject","@id":"https:\/\/www.smmp.sk\/wp-content\/uploads\/snowflake-1823942_640_2.jpg","url":"https:\/\/www.smmp.sk\/wp-content\/uploads\/snowflake-1823942_640_2.jpg","height":0,"width":0},"url":"https:\/\/www.smmp.sk\/adventny-cas-lasky-cas\/","wordCount":629,"articleBody":"Ahoj priatelia od stredy som tu nebola som e\u0161te chor\u00e1 m\u00e1m chr\u00edpku od pondelka v\u010dera mala som do v\u010dera teplotu u\u017e\u00edvam antibiotika VP PENICIL\u00cdN u\u017e mi je trochu lep\u0161ie s\u00edce ale nie je to 100 percent. Ale som u\u017e riadne unuden\u00e1 len le\u017ea\u0165 e\u0161te \u017ee som minule si urobila Viano\u010dn\u00fa n\u00e1stenku a trochu Viano\u010dn\u00fa v\u00fdzdobu okien a a okolo pomaly do robievam potom okolo 20.12 urob\u00edme strom\u010dek n\u00e1\u0161 je toti\u017eto ve\u013emi vysok\u00fd v\u00fd\u0161e 2 a pol metra m\u00e1 aj \u0161i\u0161ky je ako \u017eiv\u00fd n\u00e1dhern\u00fd je ke\u010f sa urob\u00ed . Bo\u017ee dnes tu m\u00e1me kr\u00e1sny de\u0148 prv\u00fa Adventn\u00fa nede\u013eu zapa\u013eujeme prv\u00fa svie\u010dku na Adventnom venci ako symbol by mali by by\u0165 \u010derven\u00e9 svie\u010dky vraj to prin\u00e1\u0161a \u0161\u0165astie , l\u00e1sku , bohatstvo do rodiny my milujeme toto obdobie t\u00fdm p\u00e1dom s\u00fa za dverami Vianoce k\u00fazelne obdobie v roku .\u00a0 Dnes d\u00e1m na st\u00f4l aj Viano\u010dn\u00fd obrus do kuchyne tak\u00fd prakticky ktor\u00fd sa d\u00e1 utiera\u0165 tzv. PVC obrus m\u00e1m s\u00edce aj ve\u013ea l\u00e1tkov\u00fdch obrusov ale to d\u00e1vame ke\u010f hostia chodia ku n\u00e1m kamo\u0161ky, rodina.\u00a0Ka\u017ed\u00fd rok si nos\u00edm zelen\u00fa vetvi\u010dku ihli\u010die aj zlat\u00fd d\u00e1\u017e\u010f mi rozkvitne vo v\u00e1ze aj si zajtra veru donesiem zlat\u00fd d\u00e1\u017e\u010f nech m\u00e1m k\u00fasok jari vo v\u00e1zy smiech to je skoro ako ke\u010f MARU\u0160KA i\u0161la na jahody v zime . Viete \u010do je ve\u013emi smutn\u00e9 \u017ee pre\u010do sa maj\u00fa \u013eudia radi len na Vianoce inak sa h\u00e1daj\u00fa doslova nen\u00e1vis\u0165 prevl\u00e1da medzi \u013eu\u010fmi je to ve\u013emi smutn\u00e9 kv\u00f4li banality ve\u013eakr\u00e1t na\u010do je to dobr\u00e9 ve\u010f dnes sme tu a nikto nevie ako dlho. Te\u0161\u00edm sa ako oble\u010diem nov\u00e9 k\u00fasky Viano\u010dne \u0161aty ale najprv ale je Mikul\u00e1\u0161a bude teraz 6. 12 ale toho urob\u00edm pre kamo\u0161ku dodato\u010dne lebo aj ona je chor\u00e1 m\u00e1 chr\u00edpku zatia\u013e si urob\u00edme my dve mama a ja a to v stredu 6.12 . Viete \u010do mi ch\u00fdba sneh t\u00e1 idylka zimn\u00fdch mesiacoch. Na\u0161i susedia Rak\u00fasko a podobne maj\u00fa snehov\u00fa kalamitu to bolo keby to ku n\u00e1m pri\u0161lo d\u00e1vno nebola tak\u00e1 \u00fa\u017easn\u00e1 zima \u017ee v\u00e1m pra\u0161t\u00ed pod nohami a zach\u00e1dza za nechty na ruk\u00e1ch a nos m\u00e1te \u010derven\u00fd vy\u0161t\u00edpan\u00fd od zimy.Te\u0161\u00edm sa \u017ee si op\u00e4\u0165 pust\u00edme Viano\u010dn\u00e9 koledy m\u00e1m tak\u00fa Viano\u010dn\u00fa retro kazetu do kazetov\u00e9ho prehr\u00e1va\u010da k\u00fapila by som si aj nov\u00fd ale ale nako\u013eko potrebujeme nov\u00fa chladni\u010dku objednali sme nov\u00fa tento t\u00fd\u017ede\u0148 ju privez\u00fa bude JE\u017dI\u0160KO.\u00a0 Ja ka\u017ed\u00fd rok ju p\u00fa\u0161\u0165am to naspieval e\u0161te JANKO PALO a Michal Do\u010dolomansk\u00fd to m\u00e1m asi cca 20 rokov t\u00fa kazetu ale st\u00e1le ide m\u00e1m aj CD Viano\u010dne koledy na \u010fal\u0161\u00ed v\u00edkend si tie CD a kazetu pozriem a\u00a0 priprav\u00edm ich lebo v\u017edy po Vianociach to odlo\u017e\u00edm na \u010fal\u0161\u00ed rok . Dnes som si dala do vlasov Mikul\u00e1\u0161sku \u010delenku trochu srandy mus\u00ed by\u0165 . Bola som vonku vynies\u0165 smet\u00e9 des ak\u00e1 zima je najlep\u0161ie je by\u0165 vo vn\u00fatri ako sa hovor\u00ed \u017ee ani psa nie hodno vyhna\u0165 von . U\u017e ako vid\u00edme sa zve\u010derieva sa u\u017e pomaly a isto tma m\u00e1me tu 16 hodinu ja si p\u00f4jdem trochu pole\u017ea\u0165 e\u0161te sa dolie\u010di\u0165 tak najbli\u017e\u0161ie tu budem sn\u00e1\u010f zajtra kr\u00e1sny zimn\u00fd ve\u010der v\u00e1m prajem cmuk vid\u00edme sa majme l\u00e1sky pred Viano\u010dn\u00fd \u010das KISS                                                                                                                                                                                                                                                                                                                                                                                                "},{"@context":"https:\/\/schema.org\/","@type":"BreadcrumbList","itemListElement":[{"@type":"ListItem","position":1,"name":"Adventn\u00fd \u010das l\u00e1sky \u010das","item":"https:\/\/www.smmp.sk\/adventny-cas-lasky-cas\/#breadcrumbitem"}]}]